{"id":3701,"date":"2024-09-25T12:45:41","date_gmt":"2024-09-25T10:45:41","guid":{"rendered":"https:\/\/www.milvusdent.sk\/?p=3701"},"modified":"2025-04-28T11:28:56","modified_gmt":"2025-04-28T09:28:56","slug":"hogyan-keletkezik-a-fogszuvasodas-es-mi-a-leggyakoribb-oka-a-tejfogak-fogszuvasodasanak","status":"publish","type":"post","link":"https:\/\/www.milvusdent.sk\/hu\/hogyan-keletkezik-a-fogszuvasodas-es-mi-a-leggyakoribb-oka-a-tejfogak-fogszuvasodasanak\/","title":{"rendered":"Hogyan keletkezik a fogszuvasod\u00e1s \u00e9s mi a leggyakoribb oka a tejfogak fogszuvasod\u00e1s\u00e1nak?"},"content":{"rendered":"\n<p>A fogszuvasod\u00e1s a gyermekfog\u00e1szat egyik leggyakoribb probl\u00e9m\u00e1ja. A tejfogak, b\u00e1r ideiglenesek, nagyon fontosak a maradand\u00f3 fogak megfelel\u0151 fejl\u0151d\u00e9se \u00e9s a gyermek \u00e1ltal\u00e1nos n\u00f6veked\u00e9se szempontj\u00e1b\u00f3l. A fogszuvasod\u00e1s kialakul\u00e1s\u00e1nak \u00e9s okainak meg\u00e9rt\u00e9se seg\u00edthet a sz\u00fcl\u0151knek e betegs\u00e9g megel\u0151z\u00e9s\u00e9ben.<\/p>\n\n\n\n<h3 class=\"wp-block-heading\"><strong>A fogszuvasod\u00e1s okai<\/strong><\/h3>\n\n\n\n<p>Nem megfelel\u0151 sz\u00e1jhigi\u00e9nia \u00e9s rossz \u00e9tkez\u00e9si szok\u00e1sok. Ez a leggyakoribb oka a tejfogak fogszuvasod\u00e1s\u00e1nak. A fogon l\u00e9v\u0151 leped\u00e9kben tal\u00e1lhat\u00f3 bakt\u00e9riumok fogszuvasod\u00e1st okozhatnak. Ezek a bakt\u00e9riumok az \u00e1ltalunk elfogyasztott cukrokkal \u00e9s kem\u00e9ny\u00edt\u0151kkel t\u00e1pl\u00e1lkoznak, \u00e9s savakat termelnek, amelyek k\u00e1ros\u00edtj\u00e1k a fogzom\u00e1ncot.<\/p>\n\n\n\n<h3 class=\"wp-block-heading\"><strong>Hogyan terjed a fogszuvasod\u00e1s?<\/strong><\/h3>\n\n\n\n<p>Ha a fogszuvasod\u00e1st nem \u00e9szlelik \u00e9s nem kezelik id\u0151ben, id\u0151vel egyre m\u00e9lyebbre terjed a fogr\u00e9tegben, azaz a fogb\u00e9lbe, k\u00e9s\u0151bb pedig a fogvel\u0151be, ahol a v\u00e9rerek \u00e9s az idegek futnak. Ebben a folyamatban f\u00e1jdalom \u00e9s egy\u00e9b sz\u00f6v\u0151dm\u00e9nyek l\u00e9phetnek fel, amelyek szakszer\u0171 kezel\u00e9st ig\u00e9nyelnek.<\/p>\n\n\n\n<h3 class=\"wp-block-heading\"><strong>A fogszuvasod\u00e1s megel\u0151z\u00e9se<\/strong><\/h3>\n\n\n\n<p>A sz\u00fcl\u0151i fel\u00fcgyelet mellett v\u00e9gzett alapos sz\u00e1jhigi\u00e9nia a l\u00e9nyeg. A gyermekek fogait naponta k\u00e9tszer kell tiszt\u00edtani, ide\u00e1lis esetben fluoridos fogkr\u00e9mmel. A sz\u00fcl\u0151nek tan\u00edtani kell a gyermekeket a helyes fogmos\u00e1sra, \u00e9s gondoskodnia arr\u00f3l is, hogy a gyermekek m\u00e1r fiatal korukt\u00f3l kezdve hozz\u00e1szokjanak a rendszeres sz\u00e1jhigi\u00e9ni\u00e1hoz.<\/p>\n\n\n\n<p>A sz\u00e1jhigi\u00e9nia mellett a gyermekek \u00e9trendje is fontos szerepet j\u00e1tszik, k\u00fcl\u00f6n\u00f6sen az \u00e9dess\u00e9gek gyakori fogyaszt\u00e1sa eset\u00e9n. Az \u00e9dess\u00e9gek korl\u00e1toz\u00e1sa \u00e9s a gy\u00fcm\u00f6lcs\u00f6kben, z\u00f6lds\u00e9gekben \u00e9s teljes ki\u0151rl\u00e9s\u0171 gabonaf\u00e9l\u00e9kben gazdag eg\u00e9szs\u00e9ges \u00e9trend \u00f6szt\u00f6nz\u00e9se jelent\u0151sen hozz\u00e1j\u00e1rulhat a fogszuvasod\u00e1s megel\u0151z\u00e9s\u00e9hez.<\/p>\n\n\n\n<p>A tejfogak fogszuvasod\u00e1sa s\u00falyos k\u00f6vetkezm\u00e9nyekkel j\u00e1rhat, ha nem ford\u00edtunk r\u00e1 kell\u0151 figyelmet. A megel\u0151z\u00e9s az alapos sz\u00e1jhigi\u00e9nia \u00e9s az eg\u00e9szs\u00e9ges t\u00e1pl\u00e1lkoz\u00e1si szok\u00e1sok r\u00e9v\u00e9n kulcsfontoss\u00e1g\u00fa gyermeke fogainak eg\u00e9szs\u00e9g\u00e9hez.<\/p>\n","protected":false},"excerpt":{"rendered":"<p>A fogszuvasod\u00e1s a gyermekfog\u00e1szat egyik leggyakoribb probl\u00e9m\u00e1ja. A tejfogak, b\u00e1r ideiglenesek, nagyon fontosak a maradand\u00f3 fogak megfelel\u0151 fejl\u0151d\u00e9se \u00e9s a gyermek \u00e1ltal\u00e1nos n\u00f6veked\u00e9se szempontj\u00e1b\u00f3l. A fogszuvasod\u00e1s kialakul\u00e1s\u00e1nak \u00e9s okainak meg\u00e9rt\u00e9se seg\u00edthet a sz\u00fcl\u0151knek e betegs\u00e9g megel\u0151z\u00e9s\u00e9ben. A fogszuvasod\u00e1s okai Nem megfelel\u0151 sz\u00e1jhigi\u00e9nia \u00e9s rossz \u00e9tkez\u00e9si szok\u00e1sok. Ez a leggyakoribb oka a tejfogak fogszuvasod\u00e1s\u00e1nak. A fogon [&hellip;]<\/p>\n","protected":false},"author":1,"featured_media":3637,"comment_status":"closed","ping_status":"open","sticky":false,"template":"","format":"standard","meta":{"_acf_changed":false,"inline_featured_image":false,"footnotes":""},"categories":[27],"tags":[],"class_list":["post-3701","post","type-post","status-publish","format-standard","has-post-thumbnail","hentry","category-gyermek-fogaszat"],"acf":[],"_links":{"self":[{"href":"https:\/\/www.milvusdent.sk\/hu\/wp-json\/wp\/v2\/posts\/3701","targetHints":{"allow":["GET"]}}],"collection":[{"href":"https:\/\/www.milvusdent.sk\/hu\/wp-json\/wp\/v2\/posts"}],"about":[{"href":"https:\/\/www.milvusdent.sk\/hu\/wp-json\/wp\/v2\/types\/post"}],"author":[{"embeddable":true,"href":"https:\/\/www.milvusdent.sk\/hu\/wp-json\/wp\/v2\/users\/1"}],"replies":[{"embeddable":true,"href":"https:\/\/www.milvusdent.sk\/hu\/wp-json\/wp\/v2\/comments?post=3701"}],"version-history":[{"count":1,"href":"https:\/\/www.milvusdent.sk\/hu\/wp-json\/wp\/v2\/posts\/3701\/revisions"}],"predecessor-version":[{"id":3702,"href":"https:\/\/www.milvusdent.sk\/hu\/wp-json\/wp\/v2\/posts\/3701\/revisions\/3702"}],"wp:featuredmedia":[{"embeddable":true,"href":"https:\/\/www.milvusdent.sk\/hu\/wp-json\/wp\/v2\/media\/3637"}],"wp:attachment":[{"href":"https:\/\/www.milvusdent.sk\/hu\/wp-json\/wp\/v2\/media?parent=3701"}],"wp:term":[{"taxonomy":"category","embeddable":true,"href":"https:\/\/www.milvusdent.sk\/hu\/wp-json\/wp\/v2\/categories?post=3701"},{"taxonomy":"post_tag","embeddable":true,"href":"https:\/\/www.milvusdent.sk\/hu\/wp-json\/wp\/v2\/tags?post=3701"}],"curies":[{"name":"wp","href":"https:\/\/api.w.org\/{rel}","templated":true}]}}